{"id":70,"date":"2024-03-20T09:36:30","date_gmt":"2024-03-20T09:36:30","guid":{"rendered":"https:\/\/wg-emmerichenhain.de\/?p=70"},"modified":"2024-03-20T09:36:30","modified_gmt":"2024-03-20T09:36:30","slug":"wg-zu-gast-bei-abus-in-rehe","status":"publish","type":"post","link":"https:\/\/wg-emmerichenhain.de\/?p=70","title":{"rendered":"WG zu Gast bei ABUS in Rehe"},"content":{"rendered":"\n<p>Abus Security &#8211; diese Werbebotschaft am Ende der ZDF-Sendung &#8222;Aktenzeichen XY&#8230; Ungel\u00f6st&#8220; ist vielen Fernsehzuschauern bekannt. Weniger bekannt ist sicherlich ein Produktionsstandort dieses weltweit operierenden Unternehmens, der sich im Westerwald befindet. Innerhalb der Verbandsgemeinde Rennerod stellt ABUS in Rehe auf einem mehreren Hektar gro\u00dfen Areal Produkte f\u00fcr Haussicherheit und mobile Sicherung her. ABUS ist in der Region ein bedeutender Arbeitgeber, der sich mit gelebten sozialen und christlichen Werten auszeichnet.<br>Im Rahmen eines Unternehmensbesuchs konnten sich zahlreiche B\u00fcrger aus Emmerichenhain unter anderem \u00fcber die Entwicklung des Unternehmens, der Standorte, Vertriebssysteme und Besch\u00e4ftigungsm\u00f6glichkeiten informieren.<br>Gesellschafter Otmar Bremicker spannte in seiner Begr\u00fc\u00dfung einen Bogen von den Anf\u00e4ngen in Volmarstein an der Ruhr bis in die Gegenwart: &#8222;Das von meinem Gro\u00dfvater August Bremicker gegr\u00fcndete Unternehmen begeht in diesem Jahr seinen 100. Geburtstag.&#8220; Mit Freude \u00fcber das Erreichte und mit Dankbarkeit an Gott und alle, die zu dem Erfolg beigetragen haben, leitete Otmar Bremicker zur Betriebsbesichtigung \u00fcber.<br>W\u00e4hrend der anschlie\u00dfenden F\u00fchrung erhielten die Besucher umfassende Einblicke in die verschiedenen Schritte zur Herstellung von Sicherheitsschl\u00f6ssern, die sowohl mit menschlicher Hand als auch mit Automatisierungen erfolgt. Die zur Produktion erforderlichen Werkzeuge und Maschinen werden in hiesigen Abteilungen hergestellt. In einem eigens eingerichteten Testlabor wird mit modernsten Methoden st\u00e4ndig die Qualit\u00e4t der Produkte \u00fcberpr\u00fcft. Weiterhin hat ABUS in Rehe eine Forschungs- und Entwicklungsabteilung sowie ein Schulungszentrum angesiedelt. <br>In der abschlie\u00dfenden Diskussionsrunde bedankte sich Christian Buchner vom Vorstand der W\u00e4hlergemeinschaft Emmerichenhain e.V. f\u00fcr die gro\u00dfe Gastfreundschaft, die professionelle Besichtigung und vielen interessanten Einblicke in die Herstellung von Sicherheitskonzepten.<\/p>\n\n\n\n<figure class=\"wp-block-image size-large\"><img loading=\"lazy\" decoding=\"async\" width=\"1024\" height=\"761\" src=\"https:\/\/wg-emmerichenhain.de\/wp-content\/uploads\/2024\/03\/IMG_4173-1024x761.jpg\" alt=\"\" class=\"wp-image-71\" srcset=\"https:\/\/wg-emmerichenhain.de\/wp-content\/uploads\/2024\/03\/IMG_4173-1024x761.jpg 1024w, https:\/\/wg-emmerichenhain.de\/wp-content\/uploads\/2024\/03\/IMG_4173-300x223.jpg 300w, https:\/\/wg-emmerichenhain.de\/wp-content\/uploads\/2024\/03\/IMG_4173-768x571.jpg 768w, https:\/\/wg-emmerichenhain.de\/wp-content\/uploads\/2024\/03\/IMG_4173-1536x1142.jpg 1536w, https:\/\/wg-emmerichenhain.de\/wp-content\/uploads\/2024\/03\/IMG_4173-2048x1523.jpg 2048w, https:\/\/wg-emmerichenhain.de\/wp-content\/uploads\/2024\/03\/IMG_4173-403x300.jpg 403w\" sizes=\"auto, (max-width: 1024px) 100vw, 1024px\" \/><\/figure>\n\n\n\n<p class=\"has-small-font-size\">HB\/LP | Foto: \u00a9 Lena Petry<\/p>\n","protected":false},"excerpt":{"rendered":"<p>Abus Security &#8211; diese Werbebotschaft am Ende der ZDF-Sendung &#8222;Aktenzeichen XY&#8230; Ungel\u00f6st&#8220; ist vielen Fernsehzuschauern bekannt. Weniger bekannt ist sicherlich ein Produktionsstandort dieses weltweit operierenden Unternehmens, der sich im Westerwald befindet. Innerhalb der Verbandsgemeinde Rennerod stellt ABUS in Rehe auf &hellip; <a href=\"https:\/\/wg-emmerichenhain.de\/?p=70\">Weiterlesen <span class=\"meta-nav\">&rarr;<\/span><\/a><\/p>\n","protected":false},"author":2,"featured_media":0,"comment_status":"open","ping_status":"open","sticky":false,"template":"","format":"standard","meta":{"footnotes":""},"categories":[1],"tags":[],"class_list":["post-70","post","type-post","status-publish","format-standard","hentry","category-uncategorized"],"yoast_head":"<!-- This site is optimized with the Yoast SEO plugin v27.5 - https:\/\/yoast.com\/product\/yoast-seo-wordpress\/ -->\n<title>WG zu Gast bei ABUS in Rehe - W\u00e4hlergemeinschaft Emmerichenhain<\/title>\n<meta name=\"robots\" content=\"index, follow, max-snippet:-1, max-image-preview:large, max-video-preview:-1\" \/>\n<link rel=\"canonical\" href=\"https:\/\/wg-emmerichenhain.de\/?p=70\" \/>\n<meta property=\"og:locale\" content=\"de_DE\" \/>\n<meta property=\"og:type\" content=\"article\" \/>\n<meta property=\"og:title\" content=\"WG zu Gast bei ABUS in Rehe - W\u00e4hlergemeinschaft Emmerichenhain\" \/>\n<meta property=\"og:description\" content=\"Abus Security &#8211; diese Werbebotschaft am Ende der ZDF-Sendung &#8222;Aktenzeichen XY&#8230; Ungel\u00f6st&#8220; ist vielen Fernsehzuschauern bekannt. Weniger bekannt ist sicherlich ein Produktionsstandort dieses weltweit operierenden Unternehmens, der sich im Westerwald befindet. Innerhalb der Verbandsgemeinde Rennerod stellt ABUS in Rehe auf &hellip; Weiterlesen &rarr;\" \/>\n<meta property=\"og:url\" content=\"https:\/\/wg-emmerichenhain.de\/?p=70\" \/>\n<meta property=\"og:site_name\" content=\"W\u00e4hlergemeinschaft Emmerichenhain\" \/>\n<meta property=\"article:published_time\" content=\"2024-03-20T09:36:30+00:00\" \/>\n<meta property=\"og:image\" content=\"https:\/\/wg-emmerichenhain.de\/wp-content\/uploads\/2024\/03\/IMG_4173-1024x761.jpg\" \/>\n<meta name=\"author\" content=\"Lena Petry\" \/>\n<meta name=\"twitter:card\" content=\"summary_large_image\" \/>\n<meta name=\"twitter:label1\" content=\"Verfasst von\" \/>\n\t<meta name=\"twitter:data1\" content=\"Lena Petry\" \/>\n\t<meta name=\"twitter:label2\" content=\"Gesch\u00e4tzte Lesezeit\" \/>\n\t<meta name=\"twitter:data2\" content=\"2\u00a0Minuten\" \/>\n<script type=\"application\/ld+json\" class=\"yoast-schema-graph\">{\"@context\":\"https:\\\/\\\/schema.org\",\"@graph\":[{\"@type\":\"Article\",\"@id\":\"https:\\\/\\\/wg-emmerichenhain.de\\\/?p=70#article\",\"isPartOf\":{\"@id\":\"https:\\\/\\\/wg-emmerichenhain.de\\\/?p=70\"},\"author\":{\"name\":\"Lena Petry\",\"@id\":\"https:\\\/\\\/wg-emmerichenhain.de\\\/#\\\/schema\\\/person\\\/b754ce4bd537e8390c0762cd6d3eb21f\"},\"headline\":\"WG zu Gast bei ABUS in Rehe\",\"datePublished\":\"2024-03-20T09:36:30+00:00\",\"mainEntityOfPage\":{\"@id\":\"https:\\\/\\\/wg-emmerichenhain.de\\\/?p=70\"},\"wordCount\":282,\"commentCount\":0,\"publisher\":{\"@id\":\"https:\\\/\\\/wg-emmerichenhain.de\\\/#organization\"},\"image\":{\"@id\":\"https:\\\/\\\/wg-emmerichenhain.de\\\/?p=70#primaryimage\"},\"thumbnailUrl\":\"https:\\\/\\\/wg-emmerichenhain.de\\\/wp-content\\\/uploads\\\/2024\\\/03\\\/IMG_4173-1024x761.jpg\",\"articleSection\":[\"Uncategorized\"],\"inLanguage\":\"de\",\"potentialAction\":[{\"@type\":\"CommentAction\",\"name\":\"Comment\",\"target\":[\"https:\\\/\\\/wg-emmerichenhain.de\\\/?p=70#respond\"]}]},{\"@type\":\"WebPage\",\"@id\":\"https:\\\/\\\/wg-emmerichenhain.de\\\/?p=70\",\"url\":\"https:\\\/\\\/wg-emmerichenhain.de\\\/?p=70\",\"name\":\"WG zu Gast bei ABUS in Rehe - W\u00e4hlergemeinschaft Emmerichenhain\",\"isPartOf\":{\"@id\":\"https:\\\/\\\/wg-emmerichenhain.de\\\/#website\"},\"primaryImageOfPage\":{\"@id\":\"https:\\\/\\\/wg-emmerichenhain.de\\\/?p=70#primaryimage\"},\"image\":{\"@id\":\"https:\\\/\\\/wg-emmerichenhain.de\\\/?p=70#primaryimage\"},\"thumbnailUrl\":\"https:\\\/\\\/wg-emmerichenhain.de\\\/wp-content\\\/uploads\\\/2024\\\/03\\\/IMG_4173-1024x761.jpg\",\"datePublished\":\"2024-03-20T09:36:30+00:00\",\"breadcrumb\":{\"@id\":\"https:\\\/\\\/wg-emmerichenhain.de\\\/?p=70#breadcrumb\"},\"inLanguage\":\"de\",\"potentialAction\":[{\"@type\":\"ReadAction\",\"target\":[\"https:\\\/\\\/wg-emmerichenhain.de\\\/?p=70\"]}]},{\"@type\":\"ImageObject\",\"inLanguage\":\"de\",\"@id\":\"https:\\\/\\\/wg-emmerichenhain.de\\\/?p=70#primaryimage\",\"url\":\"https:\\\/\\\/wg-emmerichenhain.de\\\/wp-content\\\/uploads\\\/2024\\\/03\\\/IMG_4173-scaled.jpg\",\"contentUrl\":\"https:\\\/\\\/wg-emmerichenhain.de\\\/wp-content\\\/uploads\\\/2024\\\/03\\\/IMG_4173-scaled.jpg\",\"width\":2560,\"height\":1904},{\"@type\":\"BreadcrumbList\",\"@id\":\"https:\\\/\\\/wg-emmerichenhain.de\\\/?p=70#breadcrumb\",\"itemListElement\":[{\"@type\":\"ListItem\",\"position\":1,\"name\":\"Startseite\",\"item\":\"https:\\\/\\\/wg-emmerichenhain.de\\\/\"},{\"@type\":\"ListItem\",\"position\":2,\"name\":\"WG zu Gast bei ABUS in Rehe\"}]},{\"@type\":\"WebSite\",\"@id\":\"https:\\\/\\\/wg-emmerichenhain.de\\\/#website\",\"url\":\"https:\\\/\\\/wg-emmerichenhain.de\\\/\",\"name\":\"W\u00e4hlergemeinschaft Emmerichenhain\",\"description\":\"\",\"publisher\":{\"@id\":\"https:\\\/\\\/wg-emmerichenhain.de\\\/#organization\"},\"potentialAction\":[{\"@type\":\"SearchAction\",\"target\":{\"@type\":\"EntryPoint\",\"urlTemplate\":\"https:\\\/\\\/wg-emmerichenhain.de\\\/?s={search_term_string}\"},\"query-input\":{\"@type\":\"PropertyValueSpecification\",\"valueRequired\":true,\"valueName\":\"search_term_string\"}}],\"inLanguage\":\"de\"},{\"@type\":\"Organization\",\"@id\":\"https:\\\/\\\/wg-emmerichenhain.de\\\/#organization\",\"name\":\"W\u00e4hlergemeinschaft Emmerichenhain\",\"url\":\"https:\\\/\\\/wg-emmerichenhain.de\\\/\",\"logo\":{\"@type\":\"ImageObject\",\"inLanguage\":\"de\",\"@id\":\"https:\\\/\\\/wg-emmerichenhain.de\\\/#\\\/schema\\\/logo\\\/image\\\/\",\"url\":\"https:\\\/\\\/wg-emmerichenhain.de\\\/wp-content\\\/uploads\\\/2022\\\/10\\\/WGLogoMitSlogan.png\",\"contentUrl\":\"https:\\\/\\\/wg-emmerichenhain.de\\\/wp-content\\\/uploads\\\/2022\\\/10\\\/WGLogoMitSlogan.png\",\"width\":2344,\"height\":514,\"caption\":\"W\u00e4hlergemeinschaft Emmerichenhain \"},\"image\":{\"@id\":\"https:\\\/\\\/wg-emmerichenhain.de\\\/#\\\/schema\\\/logo\\\/image\\\/\"}},{\"@type\":\"Person\",\"@id\":\"https:\\\/\\\/wg-emmerichenhain.de\\\/#\\\/schema\\\/person\\\/b754ce4bd537e8390c0762cd6d3eb21f\",\"name\":\"Lena Petry\",\"image\":{\"@type\":\"ImageObject\",\"inLanguage\":\"de\",\"@id\":\"https:\\\/\\\/secure.gravatar.com\\\/avatar\\\/fd399a2effe5e23245a15f35c44bd3202b4df06020c8674740266b4be3448d2a?s=96&d=mm&r=g\",\"url\":\"https:\\\/\\\/secure.gravatar.com\\\/avatar\\\/fd399a2effe5e23245a15f35c44bd3202b4df06020c8674740266b4be3448d2a?s=96&d=mm&r=g\",\"contentUrl\":\"https:\\\/\\\/secure.gravatar.com\\\/avatar\\\/fd399a2effe5e23245a15f35c44bd3202b4df06020c8674740266b4be3448d2a?s=96&d=mm&r=g\",\"caption\":\"Lena Petry\"},\"url\":\"https:\\\/\\\/wg-emmerichenhain.de\\\/?author=2\"}]}<\/script>\n<!-- \/ Yoast SEO plugin. -->","yoast_head_json":{"title":"WG zu Gast bei ABUS in Rehe - W\u00e4hlergemeinschaft Emmerichenhain","robots":{"index":"index","follow":"follow","max-snippet":"max-snippet:-1","max-image-preview":"max-image-preview:large","max-video-preview":"max-video-preview:-1"},"canonical":"https:\/\/wg-emmerichenhain.de\/?p=70","og_locale":"de_DE","og_type":"article","og_title":"WG zu Gast bei ABUS in Rehe - W\u00e4hlergemeinschaft Emmerichenhain","og_description":"Abus Security &#8211; diese Werbebotschaft am Ende der ZDF-Sendung &#8222;Aktenzeichen XY&#8230; Ungel\u00f6st&#8220; ist vielen Fernsehzuschauern bekannt. Weniger bekannt ist sicherlich ein Produktionsstandort dieses weltweit operierenden Unternehmens, der sich im Westerwald befindet. Innerhalb der Verbandsgemeinde Rennerod stellt ABUS in Rehe auf &hellip; Weiterlesen &rarr;","og_url":"https:\/\/wg-emmerichenhain.de\/?p=70","og_site_name":"W\u00e4hlergemeinschaft Emmerichenhain","article_published_time":"2024-03-20T09:36:30+00:00","og_image":[{"url":"https:\/\/wg-emmerichenhain.de\/wp-content\/uploads\/2024\/03\/IMG_4173-1024x761.jpg","type":"","width":"","height":""}],"author":"Lena Petry","twitter_card":"summary_large_image","twitter_misc":{"Verfasst von":"Lena Petry","Gesch\u00e4tzte Lesezeit":"2\u00a0Minuten"},"schema":{"@context":"https:\/\/schema.org","@graph":[{"@type":"Article","@id":"https:\/\/wg-emmerichenhain.de\/?p=70#article","isPartOf":{"@id":"https:\/\/wg-emmerichenhain.de\/?p=70"},"author":{"name":"Lena Petry","@id":"https:\/\/wg-emmerichenhain.de\/#\/schema\/person\/b754ce4bd537e8390c0762cd6d3eb21f"},"headline":"WG zu Gast bei ABUS in Rehe","datePublished":"2024-03-20T09:36:30+00:00","mainEntityOfPage":{"@id":"https:\/\/wg-emmerichenhain.de\/?p=70"},"wordCount":282,"commentCount":0,"publisher":{"@id":"https:\/\/wg-emmerichenhain.de\/#organization"},"image":{"@id":"https:\/\/wg-emmerichenhain.de\/?p=70#primaryimage"},"thumbnailUrl":"https:\/\/wg-emmerichenhain.de\/wp-content\/uploads\/2024\/03\/IMG_4173-1024x761.jpg","articleSection":["Uncategorized"],"inLanguage":"de","potentialAction":[{"@type":"CommentAction","name":"Comment","target":["https:\/\/wg-emmerichenhain.de\/?p=70#respond"]}]},{"@type":"WebPage","@id":"https:\/\/wg-emmerichenhain.de\/?p=70","url":"https:\/\/wg-emmerichenhain.de\/?p=70","name":"WG zu Gast bei ABUS in Rehe - W\u00e4hlergemeinschaft Emmerichenhain","isPartOf":{"@id":"https:\/\/wg-emmerichenhain.de\/#website"},"primaryImageOfPage":{"@id":"https:\/\/wg-emmerichenhain.de\/?p=70#primaryimage"},"image":{"@id":"https:\/\/wg-emmerichenhain.de\/?p=70#primaryimage"},"thumbnailUrl":"https:\/\/wg-emmerichenhain.de\/wp-content\/uploads\/2024\/03\/IMG_4173-1024x761.jpg","datePublished":"2024-03-20T09:36:30+00:00","breadcrumb":{"@id":"https:\/\/wg-emmerichenhain.de\/?p=70#breadcrumb"},"inLanguage":"de","potentialAction":[{"@type":"ReadAction","target":["https:\/\/wg-emmerichenhain.de\/?p=70"]}]},{"@type":"ImageObject","inLanguage":"de","@id":"https:\/\/wg-emmerichenhain.de\/?p=70#primaryimage","url":"https:\/\/wg-emmerichenhain.de\/wp-content\/uploads\/2024\/03\/IMG_4173-scaled.jpg","contentUrl":"https:\/\/wg-emmerichenhain.de\/wp-content\/uploads\/2024\/03\/IMG_4173-scaled.jpg","width":2560,"height":1904},{"@type":"BreadcrumbList","@id":"https:\/\/wg-emmerichenhain.de\/?p=70#breadcrumb","itemListElement":[{"@type":"ListItem","position":1,"name":"Startseite","item":"https:\/\/wg-emmerichenhain.de\/"},{"@type":"ListItem","position":2,"name":"WG zu Gast bei ABUS in Rehe"}]},{"@type":"WebSite","@id":"https:\/\/wg-emmerichenhain.de\/#website","url":"https:\/\/wg-emmerichenhain.de\/","name":"W\u00e4hlergemeinschaft Emmerichenhain","description":"","publisher":{"@id":"https:\/\/wg-emmerichenhain.de\/#organization"},"potentialAction":[{"@type":"SearchAction","target":{"@type":"EntryPoint","urlTemplate":"https:\/\/wg-emmerichenhain.de\/?s={search_term_string}"},"query-input":{"@type":"PropertyValueSpecification","valueRequired":true,"valueName":"search_term_string"}}],"inLanguage":"de"},{"@type":"Organization","@id":"https:\/\/wg-emmerichenhain.de\/#organization","name":"W\u00e4hlergemeinschaft Emmerichenhain","url":"https:\/\/wg-emmerichenhain.de\/","logo":{"@type":"ImageObject","inLanguage":"de","@id":"https:\/\/wg-emmerichenhain.de\/#\/schema\/logo\/image\/","url":"https:\/\/wg-emmerichenhain.de\/wp-content\/uploads\/2022\/10\/WGLogoMitSlogan.png","contentUrl":"https:\/\/wg-emmerichenhain.de\/wp-content\/uploads\/2022\/10\/WGLogoMitSlogan.png","width":2344,"height":514,"caption":"W\u00e4hlergemeinschaft Emmerichenhain "},"image":{"@id":"https:\/\/wg-emmerichenhain.de\/#\/schema\/logo\/image\/"}},{"@type":"Person","@id":"https:\/\/wg-emmerichenhain.de\/#\/schema\/person\/b754ce4bd537e8390c0762cd6d3eb21f","name":"Lena Petry","image":{"@type":"ImageObject","inLanguage":"de","@id":"https:\/\/secure.gravatar.com\/avatar\/fd399a2effe5e23245a15f35c44bd3202b4df06020c8674740266b4be3448d2a?s=96&d=mm&r=g","url":"https:\/\/secure.gravatar.com\/avatar\/fd399a2effe5e23245a15f35c44bd3202b4df06020c8674740266b4be3448d2a?s=96&d=mm&r=g","contentUrl":"https:\/\/secure.gravatar.com\/avatar\/fd399a2effe5e23245a15f35c44bd3202b4df06020c8674740266b4be3448d2a?s=96&d=mm&r=g","caption":"Lena Petry"},"url":"https:\/\/wg-emmerichenhain.de\/?author=2"}]}},"_links":{"self":[{"href":"https:\/\/wg-emmerichenhain.de\/index.php?rest_route=\/wp\/v2\/posts\/70","targetHints":{"allow":["GET"]}}],"collection":[{"href":"https:\/\/wg-emmerichenhain.de\/index.php?rest_route=\/wp\/v2\/posts"}],"about":[{"href":"https:\/\/wg-emmerichenhain.de\/index.php?rest_route=\/wp\/v2\/types\/post"}],"author":[{"embeddable":true,"href":"https:\/\/wg-emmerichenhain.de\/index.php?rest_route=\/wp\/v2\/users\/2"}],"replies":[{"embeddable":true,"href":"https:\/\/wg-emmerichenhain.de\/index.php?rest_route=%2Fwp%2Fv2%2Fcomments&post=70"}],"version-history":[{"count":1,"href":"https:\/\/wg-emmerichenhain.de\/index.php?rest_route=\/wp\/v2\/posts\/70\/revisions"}],"predecessor-version":[{"id":72,"href":"https:\/\/wg-emmerichenhain.de\/index.php?rest_route=\/wp\/v2\/posts\/70\/revisions\/72"}],"wp:attachment":[{"href":"https:\/\/wg-emmerichenhain.de\/index.php?rest_route=%2Fwp%2Fv2%2Fmedia&parent=70"}],"wp:term":[{"taxonomy":"category","embeddable":true,"href":"https:\/\/wg-emmerichenhain.de\/index.php?rest_route=%2Fwp%2Fv2%2Fcategories&post=70"},{"taxonomy":"post_tag","embeddable":true,"href":"https:\/\/wg-emmerichenhain.de\/index.php?rest_route=%2Fwp%2Fv2%2Ftags&post=70"}],"curies":[{"name":"wp","href":"https:\/\/api.w.org\/{rel}","templated":true}]}}